{"id":1070,"date":"2012-11-06T11:48:09","date_gmt":"2012-11-06T10:48:09","guid":{"rendered":"http:\/\/www.psa.org.pl\/?p=1070"},"modified":"2012-11-06T11:49:45","modified_gmt":"2012-11-06T10:49:45","slug":"drewniane-budynki-trzeba-chronic","status":"publish","type":"post","link":"https:\/\/psa.org.pl\/index.php\/drewniane-budynki-trzeba-chronic\/","title":{"rendered":"Drewniane budynki trzeba chroni\u0107"},"content":{"rendered":"<p><strong><span>\u201eSzlakiem architektury drewnianej Ziemi Sok\u00f3lskiej\u201d \u2013 to nazwa wystawy fotograficznej, jak\u0105 mo\u017cna obejrze\u0107 w Muzeum Ziemi Sok\u00f3lskiej. Ekspozycja zosta\u0142a otwarta w pi\u0105tek 26 pa\u017adziernika. Materia\u0142y z wystawy znalaz\u0142y si\u0119 w publikacji o tym samym tytule.<\/span><\/strong><\/p>\n\n\t\t<style type=\"text\/css\">\n\t\t\t#gallery-1 {\n\t\t\t\tmargin: auto;\n\t\t\t}\n\t\t\t#gallery-1 .gallery-item {\n\t\t\t\tfloat: left;\n\t\t\t\tmargin-top: 10px;\n\t\t\t\ttext-align: center;\n\t\t\t\twidth: 50%;\n\t\t\t}\n\t\t\t#gallery-1 img {\n\t\t\t\tborder: 2px solid #cfcfcf;\n\t\t\t}\n\t\t\t#gallery-1 .gallery-caption {\n\t\t\t\tmargin-left: 0;\n\t\t\t}\n\t\t\t\/* see gallery_shortcode() in wp-includes\/media.php *\/\n\t\t<\/style>\n\t\t<div id='gallery-1' class='gallery galleryid-1070 gallery-columns-2 gallery-size-thumbnail'><dl class='gallery-item'>\n\t\t\t<dt class='gallery-icon landscape'>\n\t\t\t\t<a href='https:\/\/psa.org.pl\/pliki\/2012\/11\/drewniane_budynki_1.jpg'><img loading=\"lazy\" decoding=\"async\" width=\"310\" height=\"232\" src=\"https:\/\/psa.org.pl\/pliki\/2012\/11\/drewniane_budynki_1-310x232.jpg\" class=\"attachment-thumbnail size-thumbnail\" alt=\"\" srcset=\"https:\/\/psa.org.pl\/pliki\/2012\/11\/drewniane_budynki_1-310x232.jpg 310w, https:\/\/psa.org.pl\/pliki\/2012\/11\/drewniane_budynki_1.jpg 800w\" sizes=\"auto, (max-width: 310px) 100vw, 310px\" \/><\/a>\n\t\t\t<\/dt><\/dl><dl class='gallery-item'>\n\t\t\t<dt class='gallery-icon landscape'>\n\t\t\t\t<a href='https:\/\/psa.org.pl\/pliki\/2012\/11\/drewniane_budynki_3.jpg'><img loading=\"lazy\" decoding=\"async\" width=\"310\" height=\"232\" src=\"https:\/\/psa.org.pl\/pliki\/2012\/11\/drewniane_budynki_3-310x232.jpg\" class=\"attachment-thumbnail size-thumbnail\" alt=\"\" srcset=\"https:\/\/psa.org.pl\/pliki\/2012\/11\/drewniane_budynki_3-310x232.jpg 310w, https:\/\/psa.org.pl\/pliki\/2012\/11\/drewniane_budynki_3.jpg 800w\" sizes=\"auto, (max-width: 310px) 100vw, 310px\" \/><\/a>\n\t\t\t<\/dt><\/dl><br style=\"clear: both\" \/>\n\t\t<\/div>\n\n<p><span>Projekt \u201eSzlakiem architektury drewnianej Ziemi Sok\u00f3lskiej\u201d zosta\u0142 zrealizowany przez Podlaskie Stowarzyszenie Agroturystyczne przy wsp\u00f3\u0142pracy z sekcj\u0105 historyczn\u0105 Stowarzyszenia Uniwersytet Trzeciego Wieku w Sok\u00f3\u0142ce. Projekt otrzyma\u0142 dofinansowanie ze \u015brodk\u00f3w programu \u201eDzia\u0142aj Lokalnie 2012\u201d Polsko \u2013 Ameryka\u0144skiej Fundacji Wolno\u015bci, realizowanego przez Akademi\u0119 Rozwoju Filantropii w Polsce i Fundacj\u0119 Sok\u00f3lski Fundusz Lokalny.<\/span><\/p>\n<p><span>Autork\u0105 zdj\u0119\u0107 i opracowania jest Aleksandra Pluta z sok\u00f3lskiego muzeum. Wszystkich zebranych na otwarciu wystawy przywita\u0142 Eugeniusz Wi\u015bniewski, Prezes Podlaskiego Stowarzyszenia Agroturystycznego z siedzib\u0105 w Kury\u0142ach ko\u0142o Sok\u00f3\u0142ki.<\/span><\/p>\n<p><span>&#8211; Kiedy\u015b Sok\u00f3lszczyzna s\u0142yn\u0119\u0142a z drewnianego budownictwa. By\u0142o ono nie tylko przyk\u0142adem regionalnej architektury, ale te\u017c niezwyk\u0142ym walorem kulturowym podlaskiej wsi. Obecnie, z roku na rok coraz wi\u0119cej takich obiekt\u00f3w znika z naszego krajobrazu. Drewniane budynki niszczej\u0105, lub s\u0105 modernizowane na nowoczesne, stylizowane obiekty. Aby zachowa\u0107 je dla przysz\u0142ych pokole\u0144 trzeba o nich wci\u0105\u017c m\u00f3wi\u0107 i demonstrowa\u0107 pozytywne wzorce, czyli renowacj\u0119 zgodn\u0105 z pierwotnym wygl\u0105dem \u2013 powiedzia\u0142 Eugeniusz Wi\u015bniewski.<\/span><\/p>\n<p><span>W\u0142a\u015bnie zachowanie dobrych przyk\u0142ad\u00f3w zachowania i renowacji drewnianych\u00a0 budynk\u00f3w, jak r\u00f3wnie\u017c ich adaptacji i przebudowy by\u0142o celem projektu \u201eSzlakiem architektury\u2026\u201d.<\/span><\/p>\n<p><span>&#8211; W publikacji i na wystawie zebrali\u015bmy fotografie budynk\u00f3w mieszkalnych, sakralnych i gospodarczych \u2013 wyja\u015bni\u0142a Aleksandra Pluta.<\/span><\/p>\n<p><span>W rozdziale po\u015bwi\u0119conym budynkom mieszkalnym czytamy: \u201eWsie sok\u00f3lskie s\u0105 w wi\u0119kszo\u015bci typowymi ulic\u00f3wkami, czyli domy wiejskie budowane s\u0105 po obu stronach drogi prowadz\u0105cej przez wie\u015b.(\u2026) Ciekawym przyk\u0142adem ulic\u00f3wki jest nietypowy ci\u0105g wsi wzd\u0142u\u017c drogi Sok\u00f3\u0142ka \u2013 D\u0105browa Bia\u0142ostocka. (\u2026) Wiele drewnianych dom\u00f3w wiejskich zachowa\u0142o zdobnicze elementy naro\u017cy, nadokiennik\u00f3w, okiennic, wiatrownic i dekoracyjnego oszalowania szczytu. Zdobnictwo dom\u00f3w na Sok\u00f3lszczy\u017anie rozwin\u0119\u0142o si\u0119 w ko\u0144cu XIX wieku. (\u2026) Nietypowym domostwem na tym tle jest willa Zielona Dacza, znajduj\u0105ca si\u0119 w R\u00f3\u017canymstoku. Jest to dom w stylu architektury rosyjskiej, zbudowany w ko\u0144cu XIX, lub na pocz\u0105tku XX wieku. By\u0142 cz\u0119\u015bci\u0105 zespo\u0142u budynk\u00f3w klasztornych prawos\u0142awnych mniszek. Obecnie odremontowany, zabytkowy budynek otrzyma\u0142 w 2011 roku drug\u0105 nagrod\u0119 w konkursie na Najlepiej Zachowany Zabytek Wiejskiego Budownictwa Drewnianego w Wojew\u00f3dztwie Podlaskim.\u201d<\/span><\/p>\n<p><span>Z cz\u0119\u015bci \u201eDwory i dworki\u201d mo\u017cna dowiedzie\u0107 si\u0119 m.in., \u017ce: \u201eJednym z najciekawszych zabytk\u00f3w powiatu sok\u00f3lskiego jest modrzewiowy dw\u00f3r z ko\u0144ca XVIII wieku w \u0141oso\u015bnie pod Ku\u017anic\u0105. Zbudowa\u0142 go w latach 1720 \u2013 1722 Zygmunt Bouffa\u0142, w\u0142a\u015bciciel tych teren\u00f3w. (\u2026) przy kominku w tym domu sp\u0119dzi\u0142 wiecz\u00f3r kr\u00f3l Stanis\u0142aw August Poniatowski w drodze do Grodna. Pami\u0105tk\u0105 jego pobytu w \u0141oso\u015bnie jest \u017celiwna p\u0142yta w \u015bcianie kominka. (\u2026) W 1994 roku rodzina Bilmin\u00f3w odzyska\u0142a dw\u00f3r i od tego czasu stopniowo remontuje budynek. Kolejne opisy dotycz\u0105 dworu w Lebiedzinie (gm. Sok\u00f3\u0142ka), G\u00f3rce (gm. Krynki) i Kury\u0142ach (gm. Sok\u00f3\u0142ka).<\/span><\/p>\n<p><span>Z publikacji mo\u017cna dowiedzie\u0107 si\u0119 wiele ciekawych w\u0105tk\u00f3w o budownictwie sakralnym, a tak\u017ce drewnianych budynkach gospodarczych oraz m\u0142ynach wietrznych i wodnych.<\/span><\/p>\n<p style=\"text-align: right;\"><span>(UM) Fot.: D. Biziuk<\/span><\/p>\n","protected":false},"excerpt":{"rendered":"<p>\u201eSzlakiem architektury drewnianej Ziemi Sok\u00f3lskiej\u201d \u2013 to nazwa wystawy fotograficznej, jak\u0105 mo\u017cna obejrze\u0107 w Muzeum Ziemi Sok\u00f3lskiej. Ekspozycja zosta\u0142a otwarta w pi\u0105tek 26 pa\u017adziernika. Materia\u0142y z wystawy znalaz\u0142y si\u0119 w publikacji o tym samym tytule. Projekt \u201eSzlakiem architektury drewnianej Ziemi Sok\u00f3lskiej\u201d zosta\u0142 zrealizowany przez Podlaskie Stowarzyszenie Agroturystyczne przy wsp\u00f3\u0142pracy z sekcj\u0105 historyczn\u0105 Stowarzyszenia Uniwersytet Trzeciego [&hellip;]<\/p>\n","protected":false},"author":1,"featured_media":0,"comment_status":"closed","ping_status":"closed","sticky":false,"template":"","format":"standard","meta":{"footnotes":""},"categories":[1],"tags":[],"class_list":["post-1070","post","type-post","status-publish","format-standard","hentry","category-informacje"],"_links":{"self":[{"href":"https:\/\/psa.org.pl\/index.php\/wp-json\/wp\/v2\/posts\/1070","targetHints":{"allow":["GET"]}}],"collection":[{"href":"https:\/\/psa.org.pl\/index.php\/wp-json\/wp\/v2\/posts"}],"about":[{"href":"https:\/\/psa.org.pl\/index.php\/wp-json\/wp\/v2\/types\/post"}],"author":[{"embeddable":true,"href":"https:\/\/psa.org.pl\/index.php\/wp-json\/wp\/v2\/users\/1"}],"replies":[{"embeddable":true,"href":"https:\/\/psa.org.pl\/index.php\/wp-json\/wp\/v2\/comments?post=1070"}],"version-history":[{"count":3,"href":"https:\/\/psa.org.pl\/index.php\/wp-json\/wp\/v2\/posts\/1070\/revisions"}],"predecessor-version":[{"id":1076,"href":"https:\/\/psa.org.pl\/index.php\/wp-json\/wp\/v2\/posts\/1070\/revisions\/1076"}],"wp:attachment":[{"href":"https:\/\/psa.org.pl\/index.php\/wp-json\/wp\/v2\/media?parent=1070"}],"wp:term":[{"taxonomy":"category","embeddable":true,"href":"https:\/\/psa.org.pl\/index.php\/wp-json\/wp\/v2\/categories?post=1070"},{"taxonomy":"post_tag","embeddable":true,"href":"https:\/\/psa.org.pl\/index.php\/wp-json\/wp\/v2\/tags?post=1070"}],"curies":[{"name":"wp","href":"https:\/\/api.w.org\/{rel}","templated":true}]}}